{"news": [{"title": "Ecosistema iNEST, inaugurata l'attivit\u00e0 del nodo coordinato dall'Ateneo", "description": "", "category": "", "body": "", "url": "https://qui.uniud.it/ricerca-e-innovazione/pnrr-ecosistema-inest-inaugurata-lattivita-del-nodo-coordinato-dallateneo/", "image_url": "https://qui.uniud.it/media/images/evento_inest_home_2.max-1500x520.format-jpeg.jpg", "image_data": null, "image_hash": "2023-02-15 12:38:31", "hide_title": false, "hide_description": false, "title_style": ""}, {"title": "L'Ateneo espone due mostre sulle donne premi Nobel e matematiche di fama internazionale", "description": "", "category": "", "body": "", "url": "https://qui.uniud.it/ateneo/lateneo-espone-due-mostre-sulle-donne-premi-nobel-e-matematiche-di-fama-internazionale/", "image_url": "https://qui.uniud.it/media/images/Mostre_donne_e_scienza_h.max-1500x520.format-jpeg.jpg", "image_data": null, "image_hash": "2023-02-10 13:03:51", "hide_title": false, "hide_description": false, "title_style": ""}, {"title": "Dottorati, premiate le migliori tesi del 2021 e accolti i nuovi iscritti", "description": "", "category": "", "body": "", "url": "https://qui.uniud.it/ateneo/dottorati-premiate-le-migliori-tesi-del-2021-e-accolti-gli-iscritti-al-nuovo-ciclo/", "image_url": "https://qui.uniud.it/media/images/phd_award_foto_di_gruppo_con_i_.max-1500x520.format-jpeg.jpg", "image_data": null, "image_hash": "2023-02-03 18:02:19", "hide_title": false, "hide_description": false, "title_style": ""}, {"title": "M\u2019illumino di meno, gioved\u00ec 16 febbraio l\u2019Ateneo spegne le luci del rettorato", "description": "", "category": "", "body": "", "url": "https://qui.uniud.it/ateneo/millumino-di-meno-giovedi-16-febbraio-lateneo-spegne-le-luci-del-rettorato/", "image_url": "https://qui.uniud.it/media/images/1_LrVrbzU.max-1500x520.format-jpeg.jpg", "image_data": null, "image_hash": "2023-02-15 16:53:00", "hide_title": false, "hide_description": false, "title_style": ""}], "events": [{"date": "2026-05-13", "location": "Aule Feruglio gamma 2, Universit\u00e0 di Udine, via delle Scienze 206, Udine", "title": "Obblighi e responsabilit\u00e0 del proprietario di un animale da compagnia: cosa dice la legge? | Un viaggio nell'aggressivit\u00e0 del cane: dalla comprensione alla prevenzione", "url": "https://qui.uniud.it/agenda/obblighi-e-responsabilita-del-proprietario-di-un-animale-da-compagnia-cosa-dice-la-legge-un-viaggio-nellaggressivita-del-cane-dalla-comprensione-alla-prevenzione/"}]}